{"id":1926,"date":"2024-11-08T14:15:43","date_gmt":"2024-11-08T22:15:43","guid":{"rendered":"https:\/\/alteritas.net\/alteritas\/?p=1926"},"modified":"2024-11-08T14:15:43","modified_gmt":"2024-11-08T22:15:43","slug":"the-language-of-war-is-applied-to-the-covid-pandemic","status":"publish","type":"post","link":"https:\/\/alteritas.net\/alteritas\/2024\/11\/08\/the-language-of-war-is-applied-to-the-covid-pandemic\/","title":{"rendered":"The language of war is applied to the Covid pandemic"},"content":{"rendered":"<p>The language of war is applied to the Covid pandemic<br \/>\nVietnam, like many countries, has a long history of war, stretching back thousands of years. The last war ended in 1975, only 46 years ago. In any language, war creates a need for language to describe patriotism, unity and struggle. This language then gets used as simile or metaphor to talk about things other than war. Today, the Vietnamese government uses the language of war as a powerful tool to guide the behaviour of its citizens.<br \/>\nLet\u2019s look at how this is manifested in Covid messaging.<br \/>\n1. Ch\u1ed1ng d\u1ecbch nh\u01b0 ch\u1ed1ng gi\u1eb7c<br \/>\nFight the pandemic as we fight invaders<br \/>\n2. Using a lot of words like \u201cto\u00e0n d\u00e2n\u201d (all citizens), \u201cchung s\u1ee9c\u201d (gather our strength together), \u201cchung tay\u201d (hands together), \u201c\u0111\u1ed3ng l\u00f2ng\u201d (same heart towards), \u201c\u0111o\u00e0n k\u1ebft\u201d (unite) etc.<br \/>\nHere are some examples:<br \/>\nChung s\u1ee9c \u0111\u1ed3ng l\u00f2ng ph\u00f2ng ch\u1ed1ng Covid-19.<br \/>\nGather strength and hearts to fight Covid.<br \/>\n\u0110o\u00e0n k\u1ebft \u0111\u1ec3 chi\u1ebfn th\u1eafng \u0111\u1ea1i d\u1ecbch<br \/>\nUnite to win the war against the pandemic<br \/>\n3. M\u1ed7i ng\u01b0\u1eddi d\u00e2n l\u00e0 m\u1ed9t chi\u1ebfn s\u0129 trong ph\u00f2ng, ch\u1ed1ng d\u1ecbch<br \/>\nEvery citizen is a soldier in the fight against the pandemic<br \/>\nM\u1ed7i gia \u0111\u00ecnh l\u00e0 m\u1ed9t ph\u00e1o \u0111\u00e0i ch\u1ed1ng d\u1ecbch<br \/>\nEvery ward is a fort in the war against Covid<br \/>\n4. \u1ede nh\u00e0 l\u00e0 y\u00eau n\u01b0\u1edbc<br \/>\n1<\/p>\n<p>Every citizen is a soldier: How the language of war is applied to the Covid pandemic<br \/>\nTo stay home is to love your country<br \/>\nVocabulary<br \/>\nch\u1ed1ng<br \/>\nd\u1ecbch, \u0111\u1ea1i d\u1ecbch<br \/>\nnh\u01b0<br \/>\ngi\u1eb7c<br \/>\nng\u01b0\u1eddi d\u00e2n<br \/>\nto\u00e0n d\u00e2n<br \/>\nchung s\u1ee9c, chung tay \u0111\u1ed3ng l\u00f2ng<br \/>\n\u0111o\u00e0n k\u1ebft<br \/>\nph\u00f2ng<br \/>\nchi\u1ebfn th\u1eafng<br \/>\n\u0111\u1ec3<br \/>\nm\u1ed7i<br \/>\nl\u00e0<br \/>\nchi\u1ebfn s\u0129<br \/>\ngia \u0111\u00ecnh<br \/>\nph\u00e1o \u0111\u00e0i<br \/>\n\u1edf nh\u00e0<\/p>\n","protected":false},"excerpt":{"rendered":"<p>The language of war is applied to the Covid pandemic Vietnam, like many countries, has a long history of war, stretching back thousands of years. The last war ended in 1975, only 46 years ago. In any language, war creates a need for language to describe patriotism, unity and struggle. This language then gets used &hellip; <\/p>\n<p class=\"link-more\"><a href=\"https:\/\/alteritas.net\/alteritas\/2024\/11\/08\/the-language-of-war-is-applied-to-the-covid-pandemic\/\" class=\"more-link\">Continue reading<span class=\"screen-reader-text\"> &#8220;The language of war is applied to the Covid pandemic&#8221;<\/span><\/a><\/p>\n","protected":false},"author":1,"featured_media":0,"comment_status":"open","ping_status":"open","sticky":false,"template":"","format":"standard","meta":{"footnotes":""},"categories":[9],"tags":[],"class_list":["post-1926","post","type-post","status-publish","format-standard","hentry","category-post"],"_links":{"self":[{"href":"https:\/\/alteritas.net\/alteritas\/wp-json\/wp\/v2\/posts\/1926","targetHints":{"allow":["GET"]}}],"collection":[{"href":"https:\/\/alteritas.net\/alteritas\/wp-json\/wp\/v2\/posts"}],"about":[{"href":"https:\/\/alteritas.net\/alteritas\/wp-json\/wp\/v2\/types\/post"}],"author":[{"embeddable":true,"href":"https:\/\/alteritas.net\/alteritas\/wp-json\/wp\/v2\/users\/1"}],"replies":[{"embeddable":true,"href":"https:\/\/alteritas.net\/alteritas\/wp-json\/wp\/v2\/comments?post=1926"}],"version-history":[{"count":1,"href":"https:\/\/alteritas.net\/alteritas\/wp-json\/wp\/v2\/posts\/1926\/revisions"}],"predecessor-version":[{"id":1927,"href":"https:\/\/alteritas.net\/alteritas\/wp-json\/wp\/v2\/posts\/1926\/revisions\/1927"}],"wp:attachment":[{"href":"https:\/\/alteritas.net\/alteritas\/wp-json\/wp\/v2\/media?parent=1926"}],"wp:term":[{"taxonomy":"category","embeddable":true,"href":"https:\/\/alteritas.net\/alteritas\/wp-json\/wp\/v2\/categories?post=1926"},{"taxonomy":"post_tag","embeddable":true,"href":"https:\/\/alteritas.net\/alteritas\/wp-json\/wp\/v2\/tags?post=1926"}],"curies":[{"name":"wp","href":"https:\/\/api.w.org\/{rel}","templated":true}]}}